{"id":833,"date":"2016-11-06T15:43:21","date_gmt":"2016-11-06T14:43:21","guid":{"rendered":"http:\/\/as-aiglon.fr\/?p=833"},"modified":"2021-08-20T16:48:24","modified_gmt":"2021-08-20T14:48:24","slug":"tournois-michel-campana-2016","status":"publish","type":"post","link":"https:\/\/as-aiglon.fr\/index.php\/2016\/11\/06\/tournois-michel-campana-2016\/","title":{"rendered":"Tournois Michel Campana 2016"},"content":{"rendered":"<p><img decoding=\"async\" class=\" wp-image-841\" src=\"https:\/\/as-aiglon.fr\/wp-content\/uploads\/2016\/11\/Logo-Ev\u00e9nement-253x300.png\" alt=\"Ev\u00e9nement ext\u00e9rieur AS Aiglon Basket Auxonne\" width=\"159\" height=\"189\" srcset=\"https:\/\/as-aiglon.fr\/wp-content\/uploads\/2016\/11\/Logo-Ev\u00e9nement-253x300.png 253w, https:\/\/as-aiglon.fr\/wp-content\/uploads\/2016\/11\/Logo-Ev\u00e9nement-84x100.png 84w, https:\/\/as-aiglon.fr\/wp-content\/uploads\/2016\/11\/Logo-Ev\u00e9nement-42x50.png 42w, https:\/\/as-aiglon.fr\/wp-content\/uploads\/2016\/11\/Logo-Ev\u00e9nement-21x25.png 21w, https:\/\/as-aiglon.fr\/wp-content\/uploads\/2016\/11\/Logo-Ev\u00e9nement.png 379w\" sizes=\"(max-width: 159px) 100vw, 159px\" \/><\/p>\n<p>Le MINIBASKET est en f\u00eate vendredi 11 novembre avec le tournois Michel Campana qui se d\u00e9roule \u00e0 Saint-Apollinaire.\u00a0Cette manifestation est ouverte aux mini-poussin(e)s (U9 et poussin(e)s\u00a0(U11) licenci\u00e9s.<\/p>\n<p>Organisation\u00a0des festivit\u00e9s (horaires \u00e0 confirmer lors d&rsquo;un prochain article) :<\/p>\n<ul>\n<li>Matin : les poussins (U11)<br \/>\nd\u00e9part de la salle Sainte Colette ;<\/li>\n<li>Apr\u00e8s-midi :\u00a0les mini-poussins (U9)<br \/>\nd\u00e9part de la salle Sainte Colette.<\/li>\n<\/ul>\n","protected":false},"excerpt":{"rendered":"<p>Le MINIBASKET est en f\u00eate vendredi 11 novembre avec le tournois Michel Campana qui se d\u00e9roule \u00e0 Saint-Apollinaire.\u00a0Cette manifestation est ouverte aux mini-poussin(e)s (U9 et poussin(e)s\u00a0(U11) licenci\u00e9s. Organisation\u00a0des festivit\u00e9s (horaires \u00e0 confirmer lors d&rsquo;un prochain article) : Matin : les poussins (U11) d\u00e9part de la salle Sainte Colette ; Apr\u00e8s-midi :\u00a0les mini-poussins (U9) d\u00e9part de [&hellip;]<\/p>\n","protected":false},"author":1,"featured_media":0,"comment_status":"closed","ping_status":"open","sticky":false,"template":"","format":"standard","meta":{"footnotes":""},"categories":[186],"tags":[],"_links":{"self":[{"href":"https:\/\/as-aiglon.fr\/index.php\/wp-json\/wp\/v2\/posts\/833"}],"collection":[{"href":"https:\/\/as-aiglon.fr\/index.php\/wp-json\/wp\/v2\/posts"}],"about":[{"href":"https:\/\/as-aiglon.fr\/index.php\/wp-json\/wp\/v2\/types\/post"}],"author":[{"embeddable":true,"href":"https:\/\/as-aiglon.fr\/index.php\/wp-json\/wp\/v2\/users\/1"}],"replies":[{"embeddable":true,"href":"https:\/\/as-aiglon.fr\/index.php\/wp-json\/wp\/v2\/comments?post=833"}],"version-history":[{"count":10,"href":"https:\/\/as-aiglon.fr\/index.php\/wp-json\/wp\/v2\/posts\/833\/revisions"}],"predecessor-version":[{"id":860,"href":"https:\/\/as-aiglon.fr\/index.php\/wp-json\/wp\/v2\/posts\/833\/revisions\/860"}],"wp:attachment":[{"href":"https:\/\/as-aiglon.fr\/index.php\/wp-json\/wp\/v2\/media?parent=833"}],"wp:term":[{"taxonomy":"category","embeddable":true,"href":"https:\/\/as-aiglon.fr\/index.php\/wp-json\/wp\/v2\/categories?post=833"},{"taxonomy":"post_tag","embeddable":true,"href":"https:\/\/as-aiglon.fr\/index.php\/wp-json\/wp\/v2\/tags?post=833"}],"curies":[{"name":"wp","href":"https:\/\/api.w.org\/{rel}","templated":true}]}}